{"id":30612,"date":"2025-11-25T15:27:10","date_gmt":"2025-11-25T15:27:10","guid":{"rendered":"https:\/\/artblackstudio.com\/?p=30612"},"modified":"2025-11-25T15:27:10","modified_gmt":"2025-11-25T15:27:10","slug":"producao-de-videoclipes-amadora","status":"publish","type":"post","link":"https:\/\/artblackstudio.com\/pt-pt\/producao-de-videoclipes-amadora\/","title":{"rendered":"Produ\u00e7\u00e3o de Videoclipes Amadora"},"content":{"rendered":"<p><div class=\"fusion-fullwidth fullwidth-box fusion-builder-row-1 fusion-flex-container has-pattern-background has-mask-background nonhundred-percent-fullwidth non-hundred-percent-height-scrolling\" style=\"--awb-border-radius-top-left:0px;--awb-border-radius-top-right:0px;--awb-border-radius-bottom-right:0px;--awb-border-radius-bottom-left:0px;--awb-background-color:rgba(36,36,36,0);--awb-flex-wrap:wrap;\" ><div class=\"fusion-builder-row fusion-row fusion-flex-align-items-flex-start fusion-flex-content-wrap\" style=\"max-width:1144px;margin-left: calc(-4% \/ 2 );margin-right: calc(-4% \/ 2 );\"><div class=\"fusion-layout-column fusion_builder_column fusion-builder-column-0 fusion_builder_column_1_1 1_1 fusion-flex-column\" style=\"--awb-bg-size:cover;--awb-width-large:100%;--awb-margin-top-large:0px;--awb-spacing-right-large:1.92%;--awb-margin-bottom-large:20px;--awb-spacing-left-large:1.92%;--awb-width-medium:100%;--awb-order-medium:0;--awb-spacing-right-medium:1.92%;--awb-spacing-left-medium:1.92%;--awb-width-small:100%;--awb-order-small:0;--awb-spacing-right-small:1.92%;--awb-spacing-left-small:1.92%;\"><div class=\"fusion-column-wrapper fusion-column-has-shadow fusion-flex-justify-content-flex-start fusion-content-layout-column\"><div class=\"fusion-text fusion-text-1\"><h1 style=\"text-align: center;\" data-start=\"198\" data-end=\"283\"><strong data-start=\"198\" data-end=\"283\">Produ\u00e7\u00e3o de Videoclipes Amadora<\/strong><\/h1>\n<h3 style=\"text-align: center;\" data-start=\"198\" data-end=\"283\"><strong data-start=\"198\" data-end=\"283\">Telediscos Profissionais com a Art Black Studio<\/strong><\/h3>\n<p style=\"text-align: justify;\" data-start=\"285\" data-end=\"622\">A Amadora \u00e9 uma cidade din\u00e2mica, criativa e culturalmente ativa, onde diferentes estilos art\u00edsticos se cruzam e evoluem. Para artistas que desejam transformar a sua m\u00fasica em imagem com qualidade profissional, a Art Black Studio oferece servi\u00e7os completos de produ\u00e7\u00e3o de videoclipes capazes de elevar qualquer projeto ao n\u00edvel mais alto.<\/p>\n<p style=\"text-align: justify;\" data-start=\"624\" data-end=\"986\">Um dos nossos trabalhos mais recentes \u00e9 <strong data-start=\"664\" data-end=\"676\">\u201cLVL UP\u201d<\/strong>, o single de estreia de <strong data-start=\"701\" data-end=\"722\">Hope Of The Night<\/strong>. Este lan\u00e7amento marca o in\u00edcio da sua jornada musical, com uma sonoridade forte, atmosf\u00e9rica e cheia de personalidade. Para acompanhar essa energia, a Art Black Studio criou toda a experi\u00eancia visual e sonora do projeto \u2014 desde o conceito at\u00e9 ao resultado final.<\/p>\n<p data-start=\"988\" data-end=\"1220\">A nossa equipa realizou <strong data-start=\"1012\" data-end=\"1040\">toda a produ\u00e7\u00e3o de A a Z<\/strong>:<br data-start=\"1041\" data-end=\"1044\" \/>\u2013 filmagens cinematogr\u00e1ficas,<br data-start=\"1073\" data-end=\"1076\" \/>\u2013 grava\u00e7\u00e3o vocal em est\u00fadio,<br data-start=\"1104\" data-end=\"1107\" \/>\u2013 mix e mastering profissionais,<br data-start=\"1139\" data-end=\"1142\" \/>\u2013 dire\u00e7\u00e3o criativa e edi\u00e7\u00e3o,<br data-start=\"1170\" data-end=\"1173\" \/>\u2013 cor, est\u00e9tica visual e p\u00f3s-produ\u00e7\u00e3o completa.<\/p>\n<p style=\"text-align: justify;\" data-start=\"1222\" data-end=\"1417\">\u201cLVL UP\u201d representa evolu\u00e7\u00e3o, confian\u00e7a e afirma\u00e7\u00e3o art\u00edstica \u2014 e o teledisco reflete exatamente isso: visuais marcantes, movimentos din\u00e2micos, est\u00e9tica moderna e um ambiente forte e consistente.<\/p>\n<p style=\"text-align: justify;\" data-start=\"1419\" data-end=\"1776\">A Art Black Studio trabalha na Amadora, em toda a regi\u00e3o de Lisboa, em Portugal e em v\u00e1rios pa\u00edses da Europa, oferecendo produ\u00e7\u00e3o integral de videoclipes: desenvolvimento do conceito, gui\u00e3o, storyboard, casting, filmagens com drone 4K, estabiliza\u00e7\u00e3o profissional, ilumina\u00e7\u00e3o, dire\u00e7\u00e3o de cena, grava\u00e7\u00f5es de \u00e1udio e edi\u00e7\u00e3o final com qualidade cinematogr\u00e1fica.<\/p>\n<p style=\"text-align: justify;\" data-start=\"1778\" data-end=\"2021\">Se \u00e9 artista na Amadora e pretende criar um teledisco profissional que destaque o seu trabalho, fortale\u00e7a a sua identidade e impressione o p\u00fablico, a Art Black Studio est\u00e1 pronta para transformar a sua vis\u00e3o numa obra visual de grande impacto. Suba de n\u00edvel. Crie com a Art Black Studio.<\/p>\n<\/div><\/div><\/div><\/div><\/div><div class=\"fusion-fullwidth fullwidth-box fusion-builder-row-2 fusion-flex-container has-pattern-background has-mask-background nonhundred-percent-fullwidth non-hundred-percent-height-scrolling\" style=\"--awb-border-radius-top-left:0px;--awb-border-radius-top-right:0px;--awb-border-radius-bottom-right:0px;--awb-border-radius-bottom-left:0px;--awb-background-color:rgba(36,36,36,0);--awb-flex-wrap:wrap;\" ><div class=\"fusion-builder-row fusion-row fusion-flex-align-items-flex-start fusion-flex-content-wrap\" style=\"max-width:1144px;margin-left: calc(-4% \/ 2 );margin-right: calc(-4% \/ 2 );\"><div class=\"fusion-layout-column fusion_builder_column fusion-builder-column-1 fusion_builder_column_1_1 1_1 fusion-flex-column\" style=\"--awb-bg-size:cover;--awb-width-large:100%;--awb-margin-top-large:0px;--awb-spacing-right-large:1.92%;--awb-margin-bottom-large:20px;--awb-spacing-left-large:1.92%;--awb-width-medium:100%;--awb-order-medium:0;--awb-spacing-right-medium:1.92%;--awb-spacing-left-medium:1.92%;--awb-width-small:100%;--awb-order-small:0;--awb-spacing-right-small:1.92%;--awb-spacing-left-small:1.92%;\"><div class=\"fusion-column-wrapper fusion-column-has-shadow fusion-flex-justify-content-flex-start fusion-content-layout-column\"><div class=\"fusion-video fusion-youtube\" style=\"--awb-max-width:1240px;--awb-max-height:650px;--awb-align-self:center;--awb-width:100%;\"><div class=\"video-shortcode\"><div class=\"fluid-width-video-wrapper\" style=\"padding-top:52.42%;\" ><iframe title=\"YouTube video player 1\" src=\"https:\/\/www.youtube.com\/embed\/WBbI3dVTYSc?wmode=transparent&autoplay=0\" width=\"1240\" height=\"650\" allowfullscreen allow=\"autoplay; clipboard-write; encrypted-media; gyroscope; picture-in-picture;\"><\/iframe><\/div><\/div><\/div><\/div><\/div><\/div><\/div><\/p>\n","protected":false},"excerpt":{"rendered":"","protected":false},"author":1,"featured_media":30609,"comment_status":"open","ping_status":"open","sticky":false,"template":"","format":"standard","meta":{"footnotes":""},"categories":[4021,4024,3987],"tags":[6484,6471,4121,6499,6497,6483,6487,6099,6495,6481,6491,6486,5912,6507,6474,6117,6263,6472,6509,6470,6130,6511,6118,6496,6501,5224,6485,6490,6508,6476,6114,6503,5898,6477,5910,6488,6494,6479,6116,6505,6482,6510,6475,6111,6478,6493,6502,6489,6498,6504,6506,6228,6492,6500,5885,5892,6480,6473],"class_list":["post-30612","post","type-post","status-publish","format-standard","has-post-thumbnail","hentry","category-mix-mastering","category-musica","category-videos-musicais-2","tag-adrian-black-portugal","tag-amadora","tag-art-black-studio","tag-artista-independente-portugal","tag-conteudo-musical-video-portugal","tag-debut-videoclip-portugal","tag-direcao-de-videoclipes-amadora","tag-drone-4k-portugal","tag-edicao-video-musical-amadora","tag-filmagem-com-drone-amadora","tag-filmagem-estabilizada-amadora","tag-filmagem-exterior-amadora","tag-filmagem-profissional-portugal","tag-filmagem-telediscos-portugal","tag-filmmaking-amadora","tag-gravacao-vocal-portugal","tag-hope-of-the-night","tag-krecenie-klipow-amadora","tag-krecenie-klipow-portugalia","tag-krecenie-teledyskow-amadora","tag-krecenie-teledyskow-portugalia","tag-lvl-up-hope-of-the-night","tag-mix-e-mastering-portugal","tag-pos-producao-cinematografica-portugal","tag-producao-audio-e-video-amadora","tag-producao-audiovisual-amadora","tag-producao-cinematografica-amadora","tag-producao-criativa-amadora","tag-producao-criativa-europa","tag-producao-de-videoclipes-amadora","tag-producao-video-4k-portugal","tag-producao-video-profissional-amadora","tag-storytelling-visual-musica","tag-telediscos-amadora","tag-telediscos-criativos-portugal","tag-video-artistico-amadora","tag-video-moderno-amadora","tag-video-musical-amadora","tag-video-musical-estetico-portugal","tag-video-musical-moderno-amadora","tag-video-para-artistas-amadora","tag-video-production","tag-video-production-amadora","tag-video-promocional-artistas-portugal","tag-videoclip-amadora","tag-videoclip-conceptual-portugal","tag-videoclip-energia-portugal","tag-videoclip-estreia-portugal","tag-videoclip-forte-portugal","tag-videoclip-lancamento-portugal","tag-videoclip-profissional-lisboa","tag-videoclip-profissional-portugal","tag-videoclip-urbana-amadora","tag-videoclipe-alta-qualidade-portugal","tag-videoclipes-europa","tag-videoclipes-modernos-portugal","tag-videomaker-amadora","tag-wideofilmowanie-amadora"],"_links":{"self":[{"href":"https:\/\/artblackstudio.com\/pt-pt\/wp-json\/wp\/v2\/posts\/30612","targetHints":{"allow":["GET"]}}],"collection":[{"href":"https:\/\/artblackstudio.com\/pt-pt\/wp-json\/wp\/v2\/posts"}],"about":[{"href":"https:\/\/artblackstudio.com\/pt-pt\/wp-json\/wp\/v2\/types\/post"}],"author":[{"embeddable":true,"href":"https:\/\/artblackstudio.com\/pt-pt\/wp-json\/wp\/v2\/users\/1"}],"replies":[{"embeddable":true,"href":"https:\/\/artblackstudio.com\/pt-pt\/wp-json\/wp\/v2\/comments?post=30612"}],"version-history":[{"count":0,"href":"https:\/\/artblackstudio.com\/pt-pt\/wp-json\/wp\/v2\/posts\/30612\/revisions"}],"wp:featuredmedia":[{"embeddable":true,"href":"https:\/\/artblackstudio.com\/pt-pt\/wp-json\/wp\/v2\/media\/30609"}],"wp:attachment":[{"href":"https:\/\/artblackstudio.com\/pt-pt\/wp-json\/wp\/v2\/media?parent=30612"}],"wp:term":[{"taxonomy":"category","embeddable":true,"href":"https:\/\/artblackstudio.com\/pt-pt\/wp-json\/wp\/v2\/categories?post=30612"},{"taxonomy":"post_tag","embeddable":true,"href":"https:\/\/artblackstudio.com\/pt-pt\/wp-json\/wp\/v2\/tags?post=30612"}],"curies":[{"name":"wp","href":"https:\/\/api.w.org\/{rel}","templated":true}]}}